{"id":56613,"date":"2021-02-11T03:01:59","date_gmt":"2021-02-10T17:01:59","guid":{"rendered":"https:\/\/desygner.com\/pt\/?p=56613"},"modified":"2023-02-28T11:45:33","modified_gmt":"2023-02-28T01:45:33","slug":"tendencias-de-design-2021","status":"publish","type":"post","link":"https:\/\/desygner.com\/pt\/blog\/tendencias-de-design-2021\/","title":{"rendered":"Tend\u00eancias de Design Gr\u00e1fico para 2021"},"content":{"rendered":"<p>[vc_row][vc_column][vc_column_text]O ano de 2020 foi sem d\u00favida um ano at\u00edpico, cheio de incertezas e com mudan\u00e7as sociais e econ\u00f4micas . Novas oportunidades de mercados surgiram ao longo do \u00faltimo ano, principalmente com o fortalecimento da venda online.<\/p>\n<p>Ao buscar aumentar sua participa\u00e7\u00e3o e comunica\u00e7\u00e3o no mercado digital, diversos empres\u00e1rios come\u00e7aram a usar ferramentas de edi\u00e7\u00e3o online, como por exemplo, a <a href=\"https:\/\/desygner.com\/pt\/\">Desygner.com<\/a> que possibilitou que eles criassem seus pr\u00f3prios materiais e conte\u00fados para redes sociais, sem a necessidade de investir dinheiro e tempo num novo software de design. Claramente em 2021 a presen\u00e7a digital continuar\u00e1 a aumentar, da mesma forma que acontecer\u00e1 com as tend\u00eancias atuais de design gr\u00e1fico.<\/p>\n<p>&#8220;Ao analisar o cen\u00e1rio atual com um certo otimismo renovado em torno dos neg\u00f3cios, identificamos as 5 principais tend\u00eancias de design gr\u00e1fico para ajudar quem tenha algum tipo de d\u00favida nesse assunto&#8221;, disse Rob Hoath, Diretor de Marketing da Desygner.<\/p>\n<h2>Otimismo<\/h2>\n<p>Todo mundo quer um ano mais alegre e feliz, por isso em 2021, por isso, procure por cores vibrantes que remetem vivacidade, alegria e divers\u00e3o.<\/p>\n<p><img loading=\"lazy\" decoding=\"async\" class=\"aligncenter wp-image-56627\" src=\"https:\/\/static.desygner.com\/wp-content\/uploads\/sites\/13\/sites\/13\/2021\/02\/10224005\/Igor-Sa-Fortes-Otimismo-300x258.jpg\" alt=\"Tend\u00eancia de design gr\u00e1fico para Otimismo - Igor S\u00e1 Fortes\" width=\"476\" height=\"410\" srcset=\"https:\/\/static.desygner.com\/wp-content\/uploads\/sites\/13\/sites\/13\/2021\/02\/10224005\/Igor-Sa-Fortes-Otimismo-300x258.jpg 300w, https:\/\/static.desygner.com\/wp-content\/uploads\/sites\/13\/sites\/13\/2021\/02\/10224005\/Igor-Sa-Fortes-Otimismo-1024x881.jpg 1024w, https:\/\/static.desygner.com\/wp-content\/uploads\/sites\/13\/sites\/13\/2021\/02\/10224005\/Igor-Sa-Fortes-Otimismo-768x660.jpg 768w, https:\/\/static.desygner.com\/wp-content\/uploads\/sites\/13\/sites\/13\/2021\/02\/10224005\/Igor-Sa-Fortes-Otimismo-1536x1321.jpg 1536w, https:\/\/static.desygner.com\/wp-content\/uploads\/sites\/13\/sites\/13\/2021\/02\/10224005\/Igor-Sa-Fortes-Otimismo.jpg 1842w\" sizes=\"auto, (max-width: 476px) 100vw, 476px\" \/><\/p>\n<p style=\"text-align: center\">Design por <a href=\"https:\/\/www.behance.net\/igorsafortes?tracking_source=search_users_recommended\">Igor S\u00e1 Fortes<\/a><\/p>\n<h2>Vibe Retr\u00f4<\/h2>\n<p>A ideia \u00e9 expressar uma mensagem simples, por\u00e9m, muito poderosa. Utilize em seus designs objetos antigos como carros antigos, que remetem ao estilo cl\u00e1ssico e descolado.<\/p>\n<p><img loading=\"lazy\" decoding=\"async\" class=\"aligncenter wp-image-56630\" src=\"https:\/\/static.desygner.com\/wp-content\/uploads\/sites\/13\/sites\/13\/2021\/02\/10230642\/Jack-Usephot-Retro-300x176.jpg\" alt=\"Tend\u00eancias de design gr\u00e1fico para vibe retr\u00f4 - Jack Usephot\" width=\"494\" height=\"290\" srcset=\"https:\/\/static.desygner.com\/wp-content\/uploads\/sites\/13\/sites\/13\/2021\/02\/10230642\/Jack-Usephot-Retro-300x176.jpg 300w, https:\/\/static.desygner.com\/wp-content\/uploads\/sites\/13\/sites\/13\/2021\/02\/10230642\/Jack-Usephot-Retro-1024x600.jpg 1024w, https:\/\/static.desygner.com\/wp-content\/uploads\/sites\/13\/sites\/13\/2021\/02\/10230642\/Jack-Usephot-Retro-768x450.jpg 768w, https:\/\/static.desygner.com\/wp-content\/uploads\/sites\/13\/sites\/13\/2021\/02\/10230642\/Jack-Usephot-Retro-1536x900.jpg 1536w, https:\/\/static.desygner.com\/wp-content\/uploads\/sites\/13\/sites\/13\/2021\/02\/10230642\/Jack-Usephot-Retro-2048x1200.jpg 2048w\" sizes=\"auto, (max-width: 494px) 100vw, 494px\" \/><\/p>\n<p style=\"text-align: center\">Design por <a href=\"https:\/\/www.behance.net\/jackusephot\">Jack Usephot<\/a><\/p>\n<h2>Sustentabilidade e conex\u00e3o com a natureza<\/h2>\n<p>Outra tend\u00eancia crescente \u00e9 o cuidado com a natureza e um estilo de vida mais sustent\u00e1vel. No design, isso se traduz em cores mais terrosas, bem como panoramas mais verdes e naturais. Sem d\u00favida, isso faz com que as pessoas sintam-se meio a natureza e despertem um sentimento de paz e harmonia ao ver os designs.<\/p>\n<p><img loading=\"lazy\" decoding=\"async\" class=\"wp-image-56626 aligncenter\" src=\"https:\/\/static.desygner.com\/wp-content\/uploads\/sites\/13\/sites\/13\/2021\/02\/10222910\/Kenzo-Hamazaki-Natureza-300x290.jpg\" alt=\"Exemplo de aplica\u00e7\u00e3o para natureza - Kenzo Hamazaki\" width=\"482\" height=\"466\" srcset=\"https:\/\/static.desygner.com\/wp-content\/uploads\/sites\/13\/sites\/13\/2021\/02\/10222910\/Kenzo-Hamazaki-Natureza-300x290.jpg 300w, https:\/\/static.desygner.com\/wp-content\/uploads\/sites\/13\/sites\/13\/2021\/02\/10222910\/Kenzo-Hamazaki-Natureza-1024x992.jpg 1024w, https:\/\/static.desygner.com\/wp-content\/uploads\/sites\/13\/sites\/13\/2021\/02\/10222910\/Kenzo-Hamazaki-Natureza-768x744.jpg 768w, https:\/\/static.desygner.com\/wp-content\/uploads\/sites\/13\/sites\/13\/2021\/02\/10222910\/Kenzo-Hamazaki-Natureza.jpg 1514w\" sizes=\"auto, (max-width: 482px) 100vw, 482px\" \/><\/p>\n<p style=\"text-align: center\">Design por <a href=\"https:\/\/www.behance.net\/kzhz?tracking_source=search_users_recommended\">Kenzo Hamazaki<\/a><\/p>\n<h2>Carrossel de Fotos<\/h2>\n<p>As redes sociais est\u00e3o cada vez mais fortes e a nova tend\u00eancia para elas s\u00e3o os carross\u00e9is de fotos. Essas publica\u00e7\u00f5es fazem como se voc\u00ea estivesse olhando um \u00e1lbum de fotos, mas de forma virtual. Este design de carrossel faz com que os usu\u00e1rios passem mais tempo olhando para eles, pois ao inv\u00e9s de apenas uma foto, ele consegue ver diversas fotos em um \u00fanico post.<\/p>\n<p><img loading=\"lazy\" decoding=\"async\" class=\"wp-image-56629 aligncenter\" src=\"https:\/\/static.desygner.com\/wp-content\/uploads\/sites\/13\/sites\/13\/2021\/02\/10224221\/carrossel-de-fotos-300x300.jpg\" alt=\"Carrossel de Fotos para redes sociais\" width=\"479\" height=\"479\" srcset=\"https:\/\/static.desygner.com\/wp-content\/uploads\/sites\/13\/sites\/13\/2021\/02\/10224221\/carrossel-de-fotos-300x300.jpg 300w, https:\/\/static.desygner.com\/wp-content\/uploads\/sites\/13\/sites\/13\/2021\/02\/10224221\/carrossel-de-fotos-150x150.jpg 150w, https:\/\/static.desygner.com\/wp-content\/uploads\/sites\/13\/sites\/13\/2021\/02\/10224221\/carrossel-de-fotos-768x768.jpg 768w, https:\/\/static.desygner.com\/wp-content\/uploads\/sites\/13\/sites\/13\/2021\/02\/10224221\/carrossel-de-fotos.jpg 1000w\" sizes=\"auto, (max-width: 479px) 100vw, 479px\" \/><\/p>\n<h2>Figuras e Formas Geom\u00e9tricas<\/h2>\n<p>Depois de passar por um ano confuso, as pessoas querem mais organiza\u00e7\u00e3o em seus designs. As pessoas querem ver conte\u00fados simples e que n\u00e3o s\u00e3o bagun\u00e7ados. Formas e figuras podem dar ao seus designs um toque abstrato e minimalista, sem parecer confuso ou polu\u00eddo.<\/p>\n<p><img loading=\"lazy\" decoding=\"async\" class=\"wp-image-56625 aligncenter\" src=\"https:\/\/static.desygner.com\/wp-content\/uploads\/sites\/13\/sites\/13\/2021\/02\/10222111\/Cyla-Costa-Geometrica-300x225.jpg\" alt=\"Figura de exemplo geom\u00e9trica - Cyla Costa\" width=\"547\" height=\"410\" srcset=\"https:\/\/static.desygner.com\/wp-content\/uploads\/sites\/13\/sites\/13\/2021\/02\/10222111\/Cyla-Costa-Geometrica-300x225.jpg 300w, https:\/\/static.desygner.com\/wp-content\/uploads\/sites\/13\/sites\/13\/2021\/02\/10222111\/Cyla-Costa-Geometrica-1024x767.jpg 1024w, https:\/\/static.desygner.com\/wp-content\/uploads\/sites\/13\/sites\/13\/2021\/02\/10222111\/Cyla-Costa-Geometrica-768x575.jpg 768w, https:\/\/static.desygner.com\/wp-content\/uploads\/sites\/13\/sites\/13\/2021\/02\/10222111\/Cyla-Costa-Geometrica-1536x1150.jpg 1536w, https:\/\/static.desygner.com\/wp-content\/uploads\/sites\/13\/sites\/13\/2021\/02\/10222111\/Cyla-Costa-Geometrica-2048x1534.jpg 2048w\" sizes=\"auto, (max-width: 547px) 100vw, 547px\" \/><\/p>\n<p style=\"text-align: center\">Design por <a href=\"https:\/\/www.behance.net\/cylacosta\">Cyla Costa<\/a><\/p>\n<p>&#8220;Temos uma <a href=\"https:\/\/desygner.com\/pt\/templates-gratis\/\">cole\u00e7\u00e3o incr\u00edvel de designs e templates<\/a> que s\u00e3o muito f\u00e1ceis e r\u00e1pidos de personalizar. Qualquer pessoa, com ou sem experi\u00eancia em design, poder\u00e1 este ano criar todo o seu material de marketing. Temos diversos estilos de modelos para menus, apresenta\u00e7\u00f5es, logotipos, posts para redes sociais e muito mais\u201d, concluiu Hoath.<\/p>\n<p style=\"text-align: center\"><a href=\"javascript:void(0);\" data-toggle=\"register-modal\" class=\"tt_button  pull-center\"><span class=\"prim_text\">Comece Agora<\/span><span class=\"iconita\"><\/span><\/a><\/p>\n<p><img loading=\"lazy\" decoding=\"async\" class=\"wp-image-56635 aligncenter\" src=\"https:\/\/static.desygner.com\/wp-content\/uploads\/sites\/13\/sites\/13\/2021\/02\/10233159\/howtotemplates_1_original-2-300x155.jpg\" alt=\"Templates e Designs para editar\" width=\"760\" height=\"393\" srcset=\"https:\/\/static.desygner.com\/wp-content\/uploads\/sites\/13\/sites\/13\/2021\/02\/10233159\/howtotemplates_1_original-2-300x155.jpg 300w, https:\/\/static.desygner.com\/wp-content\/uploads\/sites\/13\/sites\/13\/2021\/02\/10233159\/howtotemplates_1_original-2-768x396.jpg 768w, https:\/\/static.desygner.com\/wp-content\/uploads\/sites\/13\/sites\/13\/2021\/02\/10233159\/howtotemplates_1_original-2.jpg 834w\" sizes=\"auto, (max-width: 760px) 100vw, 760px\" \/><\/p>\n","protected":false},"excerpt":{"rendered":"<p>[vc_row][vc_column][vc_column_text]O ano de 2020 foi sem d\u00favida um ano at\u00edpico, cheio de incertezas e com mudan\u00e7as sociais e econ\u00f4micas . Novas oportunidades de mercados surgiram ao longo [&hellip;]<\/p>\n","protected":false},"author":50,"featured_media":56633,"comment_status":"open","ping_status":"closed","sticky":false,"template":"","format":"standard","meta":{"footnotes":""},"categories":[1264],"tags":[],"class_list":["post-56613","post","type-post","status-publish","format-standard","has-post-thumbnail","hentry","category-design-para-iniciantes"],"yoast_head":"<!-- This site is optimized with the Yoast SEO plugin v24.5 - https:\/\/yoast.com\/wordpress\/plugins\/seo\/ -->\n<title>Tend\u00eancias de Design Gr\u00e1fico para 2021 - Desygner<\/title>\n<meta name=\"description\" content=\"Descubras as tend\u00eancias de design gr\u00e1fico para 2021 e crie conte\u00fados que sejam atraentes e chamem a aten\u00e7\u00e3o do seu p\u00fablico.\" \/>\n<meta name=\"robots\" content=\"index, follow, max-snippet:-1, max-image-preview:large, max-video-preview:-1\" \/>\n<link rel=\"canonical\" href=\"https:\/\/desygner.com\/pt\/blog\/tendencias-de-design-2021\/\" \/>\n<meta property=\"og:locale\" content=\"pt_PT\" \/>\n<meta property=\"og:type\" content=\"article\" \/>\n<meta property=\"og:title\" content=\"Tend\u00eancias de Design Gr\u00e1fico para 2021 - Desygner\" \/>\n<meta property=\"og:description\" content=\"Descubras as tend\u00eancias de design gr\u00e1fico para 2021 e crie conte\u00fados que sejam atraentes e chamem a aten\u00e7\u00e3o do seu p\u00fablico.\" \/>\n<meta property=\"og:url\" content=\"https:\/\/desygner.com\/pt\/blog\/tendencias-de-design-2021\/\" \/>\n<meta property=\"og:site_name\" content=\"Desygner PT\" \/>\n<meta property=\"article:published_time\" content=\"2021-02-10T17:01:59+00:00\" \/>\n<meta property=\"article:modified_time\" content=\"2023-02-28T01:45:33+00:00\" \/>\n<meta property=\"og:image\" content=\"https:\/\/static.desygner.com\/wp-content\/uploads\/sites\/13\/sites\/13\/2021\/02\/10232739\/tendencias_design_2021.jpg\" \/>\n\t<meta property=\"og:image:width\" content=\"1124\" \/>\n\t<meta property=\"og:image:height\" content=\"665\" \/>\n\t<meta property=\"og:image:type\" content=\"image\/jpeg\" \/>\n<meta name=\"author\" content=\"Arthur Silv\u00e9rio\" \/>\n<meta name=\"twitter:card\" content=\"summary_large_image\" \/>\n<meta name=\"twitter:creator\" content=\"@DesygnerApp\" \/>\n<meta name=\"twitter:site\" content=\"@DesygnerApp\" \/>\n<meta name=\"twitter:label1\" content=\"Escrito por\" \/>\n\t<meta name=\"twitter:data1\" content=\"Arthur Silv\u00e9rio\" \/>\n\t<meta name=\"twitter:label2\" content=\"Tempo estimado de leitura\" \/>\n\t<meta name=\"twitter:data2\" content=\"3 minutos\" \/>\n<script type=\"application\/ld+json\" class=\"yoast-schema-graph\">{\"@context\":\"https:\/\/schema.org\",\"@graph\":[{\"@type\":\"WebPage\",\"@id\":\"https:\/\/desygner.com\/pt\/blog\/tendencias-de-design-2021\/\",\"url\":\"https:\/\/desygner.com\/pt\/blog\/tendencias-de-design-2021\/\",\"name\":\"Tend\u00eancias de Design Gr\u00e1fico para 2021 - Desygner\",\"isPartOf\":{\"@id\":\"https:\/\/desygner.com\/pt\/#website\"},\"primaryImageOfPage\":{\"@id\":\"https:\/\/desygner.com\/pt\/blog\/tendencias-de-design-2021\/#primaryimage\"},\"image\":{\"@id\":\"https:\/\/desygner.com\/pt\/blog\/tendencias-de-design-2021\/#primaryimage\"},\"thumbnailUrl\":\"https:\/\/static.desygner.com\/wp-content\/uploads\/sites\/13\/sites\/13\/2021\/02\/10232739\/tendencias_design_2021.jpg\",\"datePublished\":\"2021-02-10T17:01:59+00:00\",\"dateModified\":\"2023-02-28T01:45:33+00:00\",\"author\":{\"@id\":\"https:\/\/desygner.com\/pt\/#\/schema\/person\/5a749c03097ea058a6d8c66b0b11ad1c\"},\"description\":\"Descubras as tend\u00eancias de design gr\u00e1fico para 2021 e crie conte\u00fados que sejam atraentes e chamem a aten\u00e7\u00e3o do seu p\u00fablico.\",\"breadcrumb\":{\"@id\":\"https:\/\/desygner.com\/pt\/blog\/tendencias-de-design-2021\/#breadcrumb\"},\"inLanguage\":\"pt-PT\",\"potentialAction\":[{\"@type\":\"ReadAction\",\"target\":[\"https:\/\/desygner.com\/pt\/blog\/tendencias-de-design-2021\/\"]}]},{\"@type\":\"ImageObject\",\"inLanguage\":\"pt-PT\",\"@id\":\"https:\/\/desygner.com\/pt\/blog\/tendencias-de-design-2021\/#primaryimage\",\"url\":\"https:\/\/static.desygner.com\/wp-content\/uploads\/sites\/13\/sites\/13\/2021\/02\/10232739\/tendencias_design_2021.jpg\",\"contentUrl\":\"https:\/\/static.desygner.com\/wp-content\/uploads\/sites\/13\/sites\/13\/2021\/02\/10232739\/tendencias_design_2021.jpg\",\"width\":1124,\"height\":665,\"caption\":\"Tend\u00eancias de Design para 2021\"},{\"@type\":\"BreadcrumbList\",\"@id\":\"https:\/\/desygner.com\/pt\/blog\/tendencias-de-design-2021\/#breadcrumb\",\"itemListElement\":[{\"@type\":\"ListItem\",\"position\":1,\"name\":\"Home\",\"item\":\"https:\/\/desygner.com\/pt\/\"},{\"@type\":\"ListItem\",\"position\":2,\"name\":\"Tend\u00eancias de Design Gr\u00e1fico para 2021\"}]},{\"@type\":\"WebSite\",\"@id\":\"https:\/\/desygner.com\/pt\/#website\",\"url\":\"https:\/\/desygner.com\/pt\/\",\"name\":\"Desygner PT\",\"description\":\"\",\"potentialAction\":[{\"@type\":\"SearchAction\",\"target\":{\"@type\":\"EntryPoint\",\"urlTemplate\":\"https:\/\/desygner.com\/pt\/?s={search_term_string}\"},\"query-input\":{\"@type\":\"PropertyValueSpecification\",\"valueRequired\":true,\"valueName\":\"search_term_string\"}}],\"inLanguage\":\"pt-PT\"},{\"@type\":\"Person\",\"@id\":\"https:\/\/desygner.com\/pt\/#\/schema\/person\/5a749c03097ea058a6d8c66b0b11ad1c\",\"name\":\"Arthur Silv\u00e9rio\",\"image\":{\"@type\":\"ImageObject\",\"inLanguage\":\"pt-PT\",\"@id\":\"https:\/\/desygner.com\/pt\/#\/schema\/person\/image\/\",\"url\":\"https:\/\/secure.gravatar.com\/avatar\/da85c546168db33059fccb767fbcc2e1?s=96&r=g\",\"contentUrl\":\"https:\/\/secure.gravatar.com\/avatar\/da85c546168db33059fccb767fbcc2e1?s=96&r=g\",\"caption\":\"Arthur Silv\u00e9rio\"}}]}<\/script>\n<!-- \/ Yoast SEO plugin. -->","yoast_head_json":{"title":"Tend\u00eancias de Design Gr\u00e1fico para 2021 - Desygner","description":"Descubras as tend\u00eancias de design gr\u00e1fico para 2021 e crie conte\u00fados que sejam atraentes e chamem a aten\u00e7\u00e3o do seu p\u00fablico.","robots":{"index":"index","follow":"follow","max-snippet":"max-snippet:-1","max-image-preview":"max-image-preview:large","max-video-preview":"max-video-preview:-1"},"canonical":"https:\/\/desygner.com\/pt\/blog\/tendencias-de-design-2021\/","og_locale":"pt_PT","og_type":"article","og_title":"Tend\u00eancias de Design Gr\u00e1fico para 2021 - Desygner","og_description":"Descubras as tend\u00eancias de design gr\u00e1fico para 2021 e crie conte\u00fados que sejam atraentes e chamem a aten\u00e7\u00e3o do seu p\u00fablico.","og_url":"https:\/\/desygner.com\/pt\/blog\/tendencias-de-design-2021\/","og_site_name":"Desygner PT","article_published_time":"2021-02-10T17:01:59+00:00","article_modified_time":"2023-02-28T01:45:33+00:00","og_image":[{"width":1124,"height":665,"url":"https:\/\/static.desygner.com\/wp-content\/uploads\/sites\/13\/sites\/13\/2021\/02\/10232739\/tendencias_design_2021.jpg","type":"image\/jpeg"}],"author":"Arthur Silv\u00e9rio","twitter_card":"summary_large_image","twitter_creator":"@DesygnerApp","twitter_site":"@DesygnerApp","twitter_misc":{"Escrito por":"Arthur Silv\u00e9rio","Tempo estimado de leitura":"3 minutos"},"schema":{"@context":"https:\/\/schema.org","@graph":[{"@type":"WebPage","@id":"https:\/\/desygner.com\/pt\/blog\/tendencias-de-design-2021\/","url":"https:\/\/desygner.com\/pt\/blog\/tendencias-de-design-2021\/","name":"Tend\u00eancias de Design Gr\u00e1fico para 2021 - Desygner","isPartOf":{"@id":"https:\/\/desygner.com\/pt\/#website"},"primaryImageOfPage":{"@id":"https:\/\/desygner.com\/pt\/blog\/tendencias-de-design-2021\/#primaryimage"},"image":{"@id":"https:\/\/desygner.com\/pt\/blog\/tendencias-de-design-2021\/#primaryimage"},"thumbnailUrl":"https:\/\/static.desygner.com\/wp-content\/uploads\/sites\/13\/sites\/13\/2021\/02\/10232739\/tendencias_design_2021.jpg","datePublished":"2021-02-10T17:01:59+00:00","dateModified":"2023-02-28T01:45:33+00:00","author":{"@id":"https:\/\/desygner.com\/pt\/#\/schema\/person\/5a749c03097ea058a6d8c66b0b11ad1c"},"description":"Descubras as tend\u00eancias de design gr\u00e1fico para 2021 e crie conte\u00fados que sejam atraentes e chamem a aten\u00e7\u00e3o do seu p\u00fablico.","breadcrumb":{"@id":"https:\/\/desygner.com\/pt\/blog\/tendencias-de-design-2021\/#breadcrumb"},"inLanguage":"pt-PT","potentialAction":[{"@type":"ReadAction","target":["https:\/\/desygner.com\/pt\/blog\/tendencias-de-design-2021\/"]}]},{"@type":"ImageObject","inLanguage":"pt-PT","@id":"https:\/\/desygner.com\/pt\/blog\/tendencias-de-design-2021\/#primaryimage","url":"https:\/\/static.desygner.com\/wp-content\/uploads\/sites\/13\/sites\/13\/2021\/02\/10232739\/tendencias_design_2021.jpg","contentUrl":"https:\/\/static.desygner.com\/wp-content\/uploads\/sites\/13\/sites\/13\/2021\/02\/10232739\/tendencias_design_2021.jpg","width":1124,"height":665,"caption":"Tend\u00eancias de Design para 2021"},{"@type":"BreadcrumbList","@id":"https:\/\/desygner.com\/pt\/blog\/tendencias-de-design-2021\/#breadcrumb","itemListElement":[{"@type":"ListItem","position":1,"name":"Home","item":"https:\/\/desygner.com\/pt\/"},{"@type":"ListItem","position":2,"name":"Tend\u00eancias de Design Gr\u00e1fico para 2021"}]},{"@type":"WebSite","@id":"https:\/\/desygner.com\/pt\/#website","url":"https:\/\/desygner.com\/pt\/","name":"Desygner PT","description":"","potentialAction":[{"@type":"SearchAction","target":{"@type":"EntryPoint","urlTemplate":"https:\/\/desygner.com\/pt\/?s={search_term_string}"},"query-input":{"@type":"PropertyValueSpecification","valueRequired":true,"valueName":"search_term_string"}}],"inLanguage":"pt-PT"},{"@type":"Person","@id":"https:\/\/desygner.com\/pt\/#\/schema\/person\/5a749c03097ea058a6d8c66b0b11ad1c","name":"Arthur Silv\u00e9rio","image":{"@type":"ImageObject","inLanguage":"pt-PT","@id":"https:\/\/desygner.com\/pt\/#\/schema\/person\/image\/","url":"https:\/\/secure.gravatar.com\/avatar\/da85c546168db33059fccb767fbcc2e1?s=96&r=g","contentUrl":"https:\/\/secure.gravatar.com\/avatar\/da85c546168db33059fccb767fbcc2e1?s=96&r=g","caption":"Arthur Silv\u00e9rio"}}]}},"_links":{"self":[{"href":"https:\/\/desygner.com\/pt\/wp-json\/wp\/v2\/posts\/56613","targetHints":{"allow":["GET"]}}],"collection":[{"href":"https:\/\/desygner.com\/pt\/wp-json\/wp\/v2\/posts"}],"about":[{"href":"https:\/\/desygner.com\/pt\/wp-json\/wp\/v2\/types\/post"}],"author":[{"embeddable":true,"href":"https:\/\/desygner.com\/pt\/wp-json\/wp\/v2\/users\/50"}],"replies":[{"embeddable":true,"href":"https:\/\/desygner.com\/pt\/wp-json\/wp\/v2\/comments?post=56613"}],"version-history":[{"count":5,"href":"https:\/\/desygner.com\/pt\/wp-json\/wp\/v2\/posts\/56613\/revisions"}],"predecessor-version":[{"id":57332,"href":"https:\/\/desygner.com\/pt\/wp-json\/wp\/v2\/posts\/56613\/revisions\/57332"}],"wp:featuredmedia":[{"embeddable":true,"href":"https:\/\/desygner.com\/pt\/wp-json\/wp\/v2\/media\/56633"}],"wp:attachment":[{"href":"https:\/\/desygner.com\/pt\/wp-json\/wp\/v2\/media?parent=56613"}],"wp:term":[{"taxonomy":"category","embeddable":true,"href":"https:\/\/desygner.com\/pt\/wp-json\/wp\/v2\/categories?post=56613"},{"taxonomy":"post_tag","embeddable":true,"href":"https:\/\/desygner.com\/pt\/wp-json\/wp\/v2\/tags?post=56613"}],"curies":[{"name":"wp","href":"https:\/\/api.w.org\/{rel}","templated":true}]}}